{"id":3500,"global_id":"www.mjcfontanes.org?id=3500","global_id_lineage":["www.mjcfontanes.org?id=3500"],"author":"1","status":"publish","date":"2025-05-21 10:09:52","date_utc":"2025-05-21 08:09:52","modified":"2025-06-13 09:32:29","modified_utc":"2025-06-13 07:32:29","url":"https:\/\/www.mjcfontanes.org\/?tribe_events=silensol-et-le-choeur-de-malherbe-en-concert-a-marcenod","rest_url":"https:\/\/www.mjcfontanes.org\/index.php?rest_route=\/tribe\/events\/v1\/events\/3500","title":"Silensol et le choeur de Malherbe en concert \u00e0 Marcenod","description":"<p><img data-recalc-dims=\"1\" loading=\"lazy\" decoding=\"async\" data-attachment-id=\"3509\" data-permalink=\"https:\/\/www.mjcfontanes.org\/?attachment_id=3509\" data-orig-file=\"https:\/\/i0.wp.com\/www.mjcfontanes.org\/wp-content\/uploads\/2025\/05\/affiche-Marcenod.jpg?fit=1048%2C1472&amp;ssl=1\" data-orig-size=\"1048,1472\" data-comments-opened=\"1\" data-image-meta=\"{&quot;aperture&quot;:&quot;0&quot;,&quot;credit&quot;:&quot;&quot;,&quot;camera&quot;:&quot;&quot;,&quot;caption&quot;:&quot;&quot;,&quot;created_timestamp&quot;:&quot;1749063548&quot;,&quot;copyright&quot;:&quot;&quot;,&quot;focal_length&quot;:&quot;0&quot;,&quot;iso&quot;:&quot;0&quot;,&quot;shutter_speed&quot;:&quot;0&quot;,&quot;title&quot;:&quot;&quot;,&quot;orientation&quot;:&quot;1&quot;}\" data-image-title=\"affiche Marcenod\" data-image-description=\"\" data-image-caption=\"\" data-large-file=\"https:\/\/i0.wp.com\/www.mjcfontanes.org\/wp-content\/uploads\/2025\/05\/affiche-Marcenod.jpg?fit=712%2C1000&amp;ssl=1\" class=\"aligncenter size-large wp-image-3509\" src=\"https:\/\/i0.wp.com\/www.mjcfontanes.org\/wp-content\/uploads\/2025\/05\/affiche-Marcenod.jpg?resize=712%2C1000&#038;ssl=1\" alt=\"\" width=\"712\" height=\"1000\" srcset=\"https:\/\/i0.wp.com\/www.mjcfontanes.org\/wp-content\/uploads\/2025\/05\/affiche-Marcenod.jpg?resize=729%2C1024&amp;ssl=1 729w, https:\/\/i0.wp.com\/www.mjcfontanes.org\/wp-content\/uploads\/2025\/05\/affiche-Marcenod.jpg?resize=214%2C300&amp;ssl=1 214w, https:\/\/i0.wp.com\/www.mjcfontanes.org\/wp-content\/uploads\/2025\/05\/affiche-Marcenod.jpg?resize=768%2C1079&amp;ssl=1 768w, https:\/\/i0.wp.com\/www.mjcfontanes.org\/wp-content\/uploads\/2025\/05\/affiche-Marcenod.jpg?w=1048&amp;ssl=1 1048w\" sizes=\"auto, (max-width: 712px) 100vw, 712px\" \/><\/p>\n<p>Venez f\u00eater la f\u00eate de la musique \u00e0 l&rsquo;\u00e9glise de Marcenod !<\/p>\n<p>Concert gratuit<\/p>","excerpt":"","slug":"silensol-et-le-choeur-de-malherbe-en-concert-a-marcenod","image":false,"all_day":false,"start_date":"2025-06-21 20:30:00","start_date_details":{"year":"2025","month":"06","day":"21","hour":"20","minutes":"30","seconds":"00"},"end_date":"2025-06-21 22:00:00","end_date_details":{"year":"2025","month":"06","day":"21","hour":"22","minutes":"00","seconds":"00"},"utc_start_date":"2025-06-21 18:30:00","utc_start_date_details":{"year":"2025","month":"06","day":"21","hour":"18","minutes":"30","seconds":"00"},"utc_end_date":"2025-06-21 20:00:00","utc_end_date_details":{"year":"2025","month":"06","day":"21","hour":"20","minutes":"00","seconds":"00"},"timezone":"Europe\/Paris","timezone_abbr":"CEST","cost":"","cost_details":{"currency_symbol":"\u20ac","currency_code":"USD","currency_position":"suffix","values":[]},"website":"","show_map":false,"show_map_link":false,"hide_from_listings":false,"sticky":false,"featured":false,"categories":[],"tags":[],"venue":[],"organizer":[],"custom_fields":[],"json_ld":{"@context":"http:\/\/schema.org","@type":"Event","name":"Silensol et le choeur de Malherbe en concert \u00e0 Marcenod","description":"&lt;p&gt;Venez f\u00eater la f\u00eate de la musique \u00e0 l\\'\u00e9glise de Marcenod ! Concert gratuit&lt;\/p&gt;\\n","url":"https:\/\/www.mjcfontanes.org\/?tribe_events=silensol-et-le-choeur-de-malherbe-en-concert-a-marcenod","eventAttendanceMode":"https:\/\/schema.org\/OfflineEventAttendanceMode","eventStatus":"https:\/\/schema.org\/EventScheduled","startDate":"2025-06-21T20:30:00+02:00","endDate":"2025-06-21T22:00:00+02:00","performer":"Organization"}}