{"id":2534,"date":"2023-01-06T16:12:00","date_gmt":"2023-01-06T15:12:00","guid":{"rendered":"https:\/\/www.mjcfontanes.org\/?p=2534"},"modified":"2023-01-11T16:41:13","modified_gmt":"2023-01-11T15:41:13","slug":"faites-le-plein-devenements-et-de-sorties-en-janvier-avec-la-mjc","status":"publish","type":"post","link":"https:\/\/www.mjcfontanes.org\/?p=2534","title":{"rendered":"Faites le plein d&rsquo;\u00e9v\u00e8nements et de sorties en janvier avec la MJC !"},"content":{"rendered":"\n<p>L&rsquo;ann\u00e9e 2023 d\u00e9marre fort \u00e0 la MJC. Nous vous proposons plusieurs \u00e9v\u00e8nements pour commencer cette nouvelle ann\u00e9e : <strong>les nuits de la lecture, soir\u00e9e cr\u00eapes et jeux, R\u00e9pare-Caf\u00e9, conf\u00e9rence-d\u00e9bat \u00ab\u00a0\u00eatre parent \u00e0 l&rsquo;\u00e8re du num\u00e9rique\u00a0\u00bb, cin\u00e9ma!<\/strong><\/p>\n\n\n\n<p>Retrouvez toutes les infos sur les affiches, dans l&rsquo;onglet \u00ab\u00a0\u00e9v\u00e8nements\u00a0\u00bb du site ou en nous contactant \u00e0 contact@mjcfontanes.org<\/p>\n\n\n\n<p><strong>Les Nuits de la lecture &#8211; <\/strong>Ev\u00e9nement national qui aura lieu le<strong> vendredi 20 janvier 2023 \u00e0 Fontan\u00e8s avec des lectures sur le th\u00e8me de la PEUR<\/strong> &#8211; <strong>20h00 \u00e0 la biblioth\u00e8que <\/strong><\/p>\n\n\n\n<figure class=\"wp-block-image size-large is-style-default\"><img data-recalc-dims=\"1\" loading=\"lazy\" decoding=\"async\" width=\"712\" height=\"712\" data-attachment-id=\"2588\" data-permalink=\"https:\/\/www.mjcfontanes.org\/?attachment_id=2588\" data-orig-file=\"https:\/\/i0.wp.com\/www.mjcfontanes.org\/wp-content\/uploads\/2023\/01\/les_nuits_de_la_lecture.jpg?fit=1080%2C1080&amp;ssl=1\" data-orig-size=\"1080,1080\" data-comments-opened=\"1\" data-image-meta=\"{&quot;aperture&quot;:&quot;0&quot;,&quot;credit&quot;:&quot;&quot;,&quot;camera&quot;:&quot;&quot;,&quot;caption&quot;:&quot;&quot;,&quot;created_timestamp&quot;:&quot;0&quot;,&quot;copyright&quot;:&quot;&quot;,&quot;focal_length&quot;:&quot;0&quot;,&quot;iso&quot;:&quot;0&quot;,&quot;shutter_speed&quot;:&quot;0&quot;,&quot;title&quot;:&quot;&quot;,&quot;orientation&quot;:&quot;0&quot;}\" data-image-title=\"les_nuits_de_la_lecture\" data-image-description=\"\" data-image-caption=\"\" data-large-file=\"https:\/\/i0.wp.com\/www.mjcfontanes.org\/wp-content\/uploads\/2023\/01\/les_nuits_de_la_lecture.jpg?fit=712%2C712&amp;ssl=1\" src=\"https:\/\/i0.wp.com\/www.mjcfontanes.org\/wp-content\/uploads\/2023\/01\/les_nuits_de_la_lecture.jpg?resize=712%2C712&#038;ssl=1\" alt=\"\" class=\"wp-image-2588\" srcset=\"https:\/\/i0.wp.com\/www.mjcfontanes.org\/wp-content\/uploads\/2023\/01\/les_nuits_de_la_lecture.jpg?resize=1024%2C1024&amp;ssl=1 1024w, https:\/\/i0.wp.com\/www.mjcfontanes.org\/wp-content\/uploads\/2023\/01\/les_nuits_de_la_lecture.jpg?resize=300%2C300&amp;ssl=1 300w, https:\/\/i0.wp.com\/www.mjcfontanes.org\/wp-content\/uploads\/2023\/01\/les_nuits_de_la_lecture.jpg?resize=150%2C150&amp;ssl=1 150w, https:\/\/i0.wp.com\/www.mjcfontanes.org\/wp-content\/uploads\/2023\/01\/les_nuits_de_la_lecture.jpg?resize=768%2C768&amp;ssl=1 768w, https:\/\/i0.wp.com\/www.mjcfontanes.org\/wp-content\/uploads\/2023\/01\/les_nuits_de_la_lecture.jpg?resize=500%2C500&amp;ssl=1 500w, https:\/\/i0.wp.com\/www.mjcfontanes.org\/wp-content\/uploads\/2023\/01\/les_nuits_de_la_lecture.jpg?resize=400%2C400&amp;ssl=1 400w, https:\/\/i0.wp.com\/www.mjcfontanes.org\/wp-content\/uploads\/2023\/01\/les_nuits_de_la_lecture.jpg?resize=75%2C75&amp;ssl=1 75w, https:\/\/i0.wp.com\/www.mjcfontanes.org\/wp-content\/uploads\/2023\/01\/les_nuits_de_la_lecture.jpg?w=1080&amp;ssl=1 1080w\" sizes=\"auto, (max-width: 712px) 100vw, 712px\" \/><\/figure>\n\n\n\n<p><strong>Retour de la traditionnelle Soir\u00e9e CREPES ET JEUX &#8211; Samedi 21 janvier 2023 &#8211; 20h00 &#8211; Maison du Pl\u00e2tre<\/strong><\/p>\n\n\n\n<figure class=\"wp-block-image size-large is-style-default\"><img data-recalc-dims=\"1\" loading=\"lazy\" decoding=\"async\" width=\"712\" height=\"597\" src=\"https:\/\/i0.wp.com\/www.mjcfontanes.org\/wp-content\/uploads\/2023\/01\/Soiree-crepes-jeux-2023-3-pdf.jpg?resize=712%2C597&#038;ssl=1\" alt=\"\" class=\"wp-image-2589\"\/><\/figure>\n\n\n\n<p><strong>NOUVEAUTE 2023<\/strong> &#8211; Avec le soutien de la municipalit\u00e9 et d&rsquo;habitants de la commune motiv\u00e9s, la MJC vous propose un nouveau rendez-vous : le<strong> REPARE-CAFE<\/strong>. Que vous soyez fins bricoleurs ou amateurs, venez partager vos comp\u00e9tences et en faire profiter d&rsquo;autres personnes qui cherchent \u00e0 r\u00e9parer ou prolonger la dur\u00e9e de vie d&rsquo;un objet. Le tout dans la bonne humeur autour d&rsquo;un caf\u00e9. <strong>RDV dimanche 22 janvier 2023 &#8211; 9h00 \u00e0 la Maison du Pl\u00e2tre<\/strong><\/p>\n\n\n\n<div class=\"wp-block-group is-horizontal is-content-justification-center is-nowrap is-layout-flex wp-container-core-group-is-layout-8dbf8d71 wp-block-group-is-layout-flex\">\n<div class=\"wp-block-group\"><div class=\"wp-block-group__inner-container is-layout-flow wp-block-group-is-layout-flow\"><\/div><\/div>\n\n\n\n<figure class=\"wp-block-image size-large is-resized is-style-default\"><img data-recalc-dims=\"1\" loading=\"lazy\" decoding=\"async\" data-attachment-id=\"2591\" data-permalink=\"https:\/\/www.mjcfontanes.org\/?attachment_id=2591\" data-orig-file=\"https:\/\/i0.wp.com\/www.mjcfontanes.org\/wp-content\/uploads\/2023\/01\/Repare-cafe-2.jpg?fit=1242%2C827&amp;ssl=1\" data-orig-size=\"1242,827\" data-comments-opened=\"1\" data-image-meta=\"{&quot;aperture&quot;:&quot;0&quot;,&quot;credit&quot;:&quot;&quot;,&quot;camera&quot;:&quot;&quot;,&quot;caption&quot;:&quot;&quot;,&quot;created_timestamp&quot;:&quot;0&quot;,&quot;copyright&quot;:&quot;&quot;,&quot;focal_length&quot;:&quot;0&quot;,&quot;iso&quot;:&quot;0&quot;,&quot;shutter_speed&quot;:&quot;0&quot;,&quot;title&quot;:&quot;&quot;,&quot;orientation&quot;:&quot;0&quot;}\" data-image-title=\"Repare-cafe-2\" data-image-description=\"\" data-image-caption=\"\" data-large-file=\"https:\/\/i0.wp.com\/www.mjcfontanes.org\/wp-content\/uploads\/2023\/01\/Repare-cafe-2.jpg?fit=712%2C474&amp;ssl=1\" src=\"https:\/\/i0.wp.com\/www.mjcfontanes.org\/wp-content\/uploads\/2023\/01\/Repare-cafe-2.jpg?resize=712%2C474&#038;ssl=1\" alt=\"\" class=\"wp-image-2591\" width=\"712\" height=\"474\" srcset=\"https:\/\/i0.wp.com\/www.mjcfontanes.org\/wp-content\/uploads\/2023\/01\/Repare-cafe-2.jpg?resize=1024%2C682&amp;ssl=1 1024w, https:\/\/i0.wp.com\/www.mjcfontanes.org\/wp-content\/uploads\/2023\/01\/Repare-cafe-2.jpg?resize=300%2C200&amp;ssl=1 300w, https:\/\/i0.wp.com\/www.mjcfontanes.org\/wp-content\/uploads\/2023\/01\/Repare-cafe-2.jpg?resize=768%2C511&amp;ssl=1 768w, https:\/\/i0.wp.com\/www.mjcfontanes.org\/wp-content\/uploads\/2023\/01\/Repare-cafe-2.jpg?resize=1080%2C719&amp;ssl=1 1080w, https:\/\/i0.wp.com\/www.mjcfontanes.org\/wp-content\/uploads\/2023\/01\/Repare-cafe-2.jpg?w=1242&amp;ssl=1 1242w\" sizes=\"auto, (max-width: 712px) 100vw, 712px\" \/><\/figure>\n<\/div>\n\n\n\n<p><strong>ETRE PARENT A L&rsquo;ERE DU NUMERIQUE &#8211; Conf\u00e9rence-d\u00e9bat<\/strong> qui vous est propos\u00e9e conjointement par la municipalit\u00e9, l&rsquo;APE de Fontan\u00e8s et la MJC sous l&rsquo;initiative des repr\u00e9sentants des parents d&rsquo;\u00e9l\u00e8ves. <strong>Mercredi 25 janvier 2023 &#8211; 20h00 \u00e0 la Maison du Pl\u00e2tre<\/strong><\/p>\n\n\n\n<figure class=\"wp-block-image size-large is-style-default\"><img data-recalc-dims=\"1\" loading=\"lazy\" decoding=\"async\" width=\"712\" height=\"1007\" src=\"https:\/\/i0.wp.com\/www.mjcfontanes.org\/wp-content\/uploads\/2023\/01\/Etre-parent-a-l-ere-du-numerique-3-pdf.jpg?resize=712%2C1007&#038;ssl=1\" alt=\"\" class=\"wp-image-2590\"\/><\/figure>\n\n\n\n<p><strong>S\u00e9ances cin\u00e9ma du samedi 14 janvier 2023<\/strong>                                                                                                                                                 <\/p>\n\n\n\n<figure class=\"wp-block-gallery has-nested-images columns-default is-cropped wp-block-gallery-1 is-layout-flex wp-block-gallery-is-layout-flex\">\n<figure class=\"wp-block-image size-large is-style-default\"><img data-recalc-dims=\"1\" height=\"949\" width=\"712\" decoding=\"async\" data-id=\"2571\" src=\"https:\/\/i0.wp.com\/www.mjcfontanes.org\/wp-content\/uploads\/2023\/01\/le_chat_pott_2-768x1024.jpg?resize=712%2C949&#038;ssl=1\" alt=\"\" class=\"wp-image-2571\"\/><\/figure>\n\n\n\n<figure class=\"wp-block-image size-large is-style-default\"><img data-recalc-dims=\"1\" height=\"970\" width=\"712\" decoding=\"async\" data-id=\"2572\" src=\"https:\/\/i0.wp.com\/www.mjcfontanes.org\/wp-content\/uploads\/2023\/01\/les_femmes_du_square-752x1024.jpg?resize=712%2C970&#038;ssl=1\" alt=\"\" class=\"wp-image-2572\"\/><\/figure>\n<figcaption class=\"blocks-gallery-caption wp-element-caption\"><strong>17h30                                                                                                                                                 20h30<\/strong><\/figcaption><\/figure>\n\n\n\n<p><strong>S\u00e9ances cin\u00e9ma du samedi 28 janvier 2023<\/strong><\/p>\n\n\n\n<figure class=\"wp-block-gallery has-nested-images columns-default is-cropped wp-block-gallery-2 is-layout-flex wp-block-gallery-is-layout-flex\">\n<figure class=\"wp-block-image size-large is-style-default\"><img data-recalc-dims=\"1\" height=\"890\" width=\"712\" decoding=\"async\" data-id=\"2578\" src=\"https:\/\/i0.wp.com\/www.mjcfontanes.org\/wp-content\/uploads\/2023\/01\/enzo_le_croco-819x1024.jpg?resize=712%2C890&#038;ssl=1\" alt=\"\" class=\"wp-image-2578\"\/><\/figure>\n\n\n\n<figure class=\"wp-block-image size-large is-style-default\"><img data-recalc-dims=\"1\" height=\"967\" width=\"712\" decoding=\"async\" data-id=\"2577\" src=\"https:\/\/i0.wp.com\/www.mjcfontanes.org\/wp-content\/uploads\/2023\/01\/tempete-754x1024.jpg?resize=712%2C967&#038;ssl=1\" alt=\"\" class=\"wp-image-2577\"\/><\/figure>\n<figcaption class=\"blocks-gallery-caption wp-element-caption\"><strong>17h30                                                                                                                                                                     20h30<\/strong><\/figcaption><\/figure>\n\n\n\n<p><\/p>\n","protected":false},"excerpt":{"rendered":"<p>L&rsquo;ann\u00e9e 2023 d\u00e9marre fort \u00e0 la MJC. Nous vous proposons plusieurs \u00e9v\u00e8nements pour commencer cette nouvelle ann\u00e9e : les nuits de la lecture, soir\u00e9e cr\u00eapes et jeux, R\u00e9pare-Caf\u00e9, conf\u00e9rence-d\u00e9bat \u00ab\u00a0\u00eatre &hellip; <a href=\"https:\/\/www.mjcfontanes.org\/?p=2534\" class=\"more-link\">Lire la suite de <span class=\"screen-reader-text\">Faites le plein d&rsquo;\u00e9v\u00e8nements et de sorties en janvier avec la MJC !<\/span><\/a><\/p>\n","protected":false},"author":1,"featured_media":0,"comment_status":"open","ping_status":"open","sticky":false,"template":"","format":"standard","meta":{"jetpack_post_was_ever_published":false,"_jetpack_newsletter_access":"","_jetpack_dont_email_post_to_subs":false,"_jetpack_newsletter_tier_id":0,"_jetpack_memberships_contains_paywalled_content":false,"_jetpack_memberships_contains_paid_content":false,"footnotes":""},"categories":[5,32,17],"tags":[],"class_list":["post-2534","post","type-post","status-publish","format-standard","hentry","category-activites","category-bibliotheque","category-evenements","no-featured-image"],"jetpack_featured_media_url":"","jetpack_sharing_enabled":true,"jetpack_shortlink":"https:\/\/wp.me\/p95mIQ-ES","jetpack-related-posts":[],"_links":{"self":[{"href":"https:\/\/www.mjcfontanes.org\/index.php?rest_route=\/wp\/v2\/posts\/2534","targetHints":{"allow":["GET"]}}],"collection":[{"href":"https:\/\/www.mjcfontanes.org\/index.php?rest_route=\/wp\/v2\/posts"}],"about":[{"href":"https:\/\/www.mjcfontanes.org\/index.php?rest_route=\/wp\/v2\/types\/post"}],"author":[{"embeddable":true,"href":"https:\/\/www.mjcfontanes.org\/index.php?rest_route=\/wp\/v2\/users\/1"}],"replies":[{"embeddable":true,"href":"https:\/\/www.mjcfontanes.org\/index.php?rest_route=%2Fwp%2Fv2%2Fcomments&post=2534"}],"version-history":[{"count":25,"href":"https:\/\/www.mjcfontanes.org\/index.php?rest_route=\/wp\/v2\/posts\/2534\/revisions"}],"predecessor-version":[{"id":2597,"href":"https:\/\/www.mjcfontanes.org\/index.php?rest_route=\/wp\/v2\/posts\/2534\/revisions\/2597"}],"wp:attachment":[{"href":"https:\/\/www.mjcfontanes.org\/index.php?rest_route=%2Fwp%2Fv2%2Fmedia&parent=2534"}],"wp:term":[{"taxonomy":"category","embeddable":true,"href":"https:\/\/www.mjcfontanes.org\/index.php?rest_route=%2Fwp%2Fv2%2Fcategories&post=2534"},{"taxonomy":"post_tag","embeddable":true,"href":"https:\/\/www.mjcfontanes.org\/index.php?rest_route=%2Fwp%2Fv2%2Ftags&post=2534"}],"curies":[{"name":"wp","href":"https:\/\/api.w.org\/{rel}","templated":true}]}}