{"id":747,"date":"2018-01-04T17:54:59","date_gmt":"2018-01-04T16:54:59","guid":{"rendered":"http:\/\/www.mjcfontanes.org\/?p=747"},"modified":"2018-01-04T18:00:12","modified_gmt":"2018-01-04T17:00:12","slug":"une-soiree-prestigieuse-pour-les-ptits-canards-sauvages-sur-la-scene-de-lechappe-a-sorbiers-avec-lorchestre-symphonique-du-conservatoire-massenet","status":"publish","type":"post","link":"https:\/\/www.mjcfontanes.org\/?p=747","title":{"rendered":"Une soir\u00e9e prestigieuse pour les P&rsquo;tits canards sauvages sur la sc\u00e8ne de l&rsquo;Echapp\u00e9 \u00e0 Sorbiers avec l&rsquo;orchestre symphonique du conservatoire Massenet"},"content":{"rendered":"<p><a href=\"https:\/\/i0.wp.com\/www.mjcfontanes.org\/wp-content\/uploads\/2018\/01\/Photo3_20dec.jpg\"><img data-recalc-dims=\"1\" loading=\"lazy\" decoding=\"async\" data-attachment-id=\"750\" data-permalink=\"https:\/\/www.mjcfontanes.org\/?attachment_id=750\" data-orig-file=\"https:\/\/i0.wp.com\/www.mjcfontanes.org\/wp-content\/uploads\/2018\/01\/Photo3_20dec.jpg?fit=1280%2C734&amp;ssl=1\" data-orig-size=\"1280,734\" data-comments-opened=\"1\" data-image-meta=\"{&quot;aperture&quot;:&quot;3.5&quot;,&quot;credit&quot;:&quot;&quot;,&quot;camera&quot;:&quot;Canon PowerShot A610&quot;,&quot;caption&quot;:&quot;&quot;,&quot;created_timestamp&quot;:&quot;1513805231&quot;,&quot;copyright&quot;:&quot;&quot;,&quot;focal_length&quot;:&quot;17.342&quot;,&quot;iso&quot;:&quot;200&quot;,&quot;shutter_speed&quot;:&quot;0.016666666666667&quot;,&quot;title&quot;:&quot;&quot;,&quot;orientation&quot;:&quot;1&quot;}\" data-image-title=\"Photo3_20dec\" data-image-description=\"\" data-image-caption=\"\" data-large-file=\"https:\/\/i0.wp.com\/www.mjcfontanes.org\/wp-content\/uploads\/2018\/01\/Photo3_20dec.jpg?fit=712%2C408&amp;ssl=1\" class=\"aligncenter wp-image-750 size-large\" src=\"https:\/\/i0.wp.com\/www.mjcfontanes.org\/wp-content\/uploads\/2018\/01\/Photo3_20dec-1024x587.jpg?resize=712%2C408\" alt=\"\" width=\"712\" height=\"408\" srcset=\"https:\/\/i0.wp.com\/www.mjcfontanes.org\/wp-content\/uploads\/2018\/01\/Photo3_20dec.jpg?resize=1024%2C587&amp;ssl=1 1024w, https:\/\/i0.wp.com\/www.mjcfontanes.org\/wp-content\/uploads\/2018\/01\/Photo3_20dec.jpg?resize=300%2C172&amp;ssl=1 300w, https:\/\/i0.wp.com\/www.mjcfontanes.org\/wp-content\/uploads\/2018\/01\/Photo3_20dec.jpg?resize=768%2C440&amp;ssl=1 768w, https:\/\/i0.wp.com\/www.mjcfontanes.org\/wp-content\/uploads\/2018\/01\/Photo3_20dec.jpg?resize=1080%2C619&amp;ssl=1 1080w, https:\/\/i0.wp.com\/www.mjcfontanes.org\/wp-content\/uploads\/2018\/01\/Photo3_20dec.jpg?w=1280&amp;ssl=1 1280w\" sizes=\"auto, (max-width: 712px) 100vw, 712px\" \/><\/a><\/p>\n<p>C&rsquo;est avec toute l&rsquo;excitation de No\u00ebl que les \u00ab\u00a0P&rsquo;tits canards sauvages\u00a0\u00bb ont chant\u00e9 aux c\u00f4t\u00e9s des musiciens de l&rsquo;orchestre symphonique du conservatoire Massenet puis de l&rsquo;orchestre Massenet sous la direction d&rsquo;Eric VARION, le mercredi 20 d\u00e9cembre 2017 \u00e0 20h.<\/p>\n<p>Apr\u00e8s la 8\u00e8me symphonie de Dvorak, et toujours sous la direction de Neringa, les P&rsquo;tits canards ont pr\u00e9sent\u00e9 leur nouveau programme avec 8 chants dont deux pour No\u00ebl dont le tr\u00e8s beau \u00ab\u00a0No\u00ebl des enfants du monde\u00a0\u00bb, toujours tr\u00e8s actuel avec le dernier \u00e9pisode au Proche Orient.<\/p>\n<p>Malgr\u00e9 un horaire tardif, ils ont brillamment pr\u00e9sent\u00e9 un morceau d&rsquo;ensemble final sur les airs de No\u00ebl blanc, m\u00eame pas impressionn\u00e9s devant ce grand ensemble orchestral.<\/p>\n<p>Le public nombreux semble avoir appr\u00e9ci\u00e9 ces petits chanteurs en herbe &#8230;<\/p>\n<p>Ce fut une belle exp\u00e9rience dans cette salle de l&rsquo;Echapp\u00e9, m\u00eame si les plus petits ont profit\u00e9 de la Toccata de Frescobaldi ou de la suite Tom Sawyer de Cesarini pour faire une petite sieste avant le final.<\/p>\n<p>Leur prochain rendez-vous sera un \u00e9change inter-chorales enfants mi-janvier \u00e0 la MJC avec leurs parents et familles.<\/p>\n<p>Puis, pour les amateurs de chant choral, \u00e0 la salle Rouchouze \u00e0 l&rsquo;Etrat le vendredi 6 avril pour le grand prochain concert, aux c\u00f4t\u00e9s de la chorale de l&rsquo;Etrat et d&rsquo;une autre chorale invit\u00e9e. On vous y esp\u00e8re nombreux !<\/p>\n<p><a href=\"https:\/\/i0.wp.com\/www.mjcfontanes.org\/wp-content\/uploads\/2018\/01\/Photo4_20dec.jpg\"><img data-recalc-dims=\"1\" loading=\"lazy\" decoding=\"async\" data-attachment-id=\"751\" data-permalink=\"https:\/\/www.mjcfontanes.org\/?attachment_id=751\" data-orig-file=\"https:\/\/i0.wp.com\/www.mjcfontanes.org\/wp-content\/uploads\/2018\/01\/Photo4_20dec.jpg?fit=641%2C306&amp;ssl=1\" data-orig-size=\"641,306\" data-comments-opened=\"1\" data-image-meta=\"{&quot;aperture&quot;:&quot;3.2&quot;,&quot;credit&quot;:&quot;&quot;,&quot;camera&quot;:&quot;Canon PowerShot A610&quot;,&quot;caption&quot;:&quot;&quot;,&quot;created_timestamp&quot;:&quot;1513810464&quot;,&quot;copyright&quot;:&quot;&quot;,&quot;focal_length&quot;:&quot;10.835&quot;,&quot;iso&quot;:&quot;200&quot;,&quot;shutter_speed&quot;:&quot;0.016666666666667&quot;,&quot;title&quot;:&quot;&quot;,&quot;orientation&quot;:&quot;1&quot;}\" data-image-title=\"Photo4_20dec\" data-image-description=\"\" data-image-caption=\"\" data-large-file=\"https:\/\/i0.wp.com\/www.mjcfontanes.org\/wp-content\/uploads\/2018\/01\/Photo4_20dec.jpg?fit=641%2C306&amp;ssl=1\" class=\"aligncenter size-full wp-image-751\" src=\"https:\/\/i0.wp.com\/www.mjcfontanes.org\/wp-content\/uploads\/2018\/01\/Photo4_20dec.jpg?resize=641%2C306\" alt=\"\" width=\"641\" height=\"306\" srcset=\"https:\/\/i0.wp.com\/www.mjcfontanes.org\/wp-content\/uploads\/2018\/01\/Photo4_20dec.jpg?w=641&amp;ssl=1 641w, https:\/\/i0.wp.com\/www.mjcfontanes.org\/wp-content\/uploads\/2018\/01\/Photo4_20dec.jpg?resize=300%2C143&amp;ssl=1 300w\" sizes=\"auto, (max-width: 641px) 100vw, 641px\" \/><\/a><\/p>\n<p style=\"text-align: right;\"><span style=\"font-size: 10pt; font-family: tahoma, arial, helvetica, sans-serif;\">Texte et photos \u00a9 Laurence Roch<\/span><\/p>\n","protected":false},"excerpt":{"rendered":"<p>C&rsquo;est avec toute l&rsquo;excitation de No\u00ebl que les \u00ab\u00a0P&rsquo;tits canards sauvages\u00a0\u00bb ont chant\u00e9 aux c\u00f4t\u00e9s des musiciens de l&rsquo;orchestre symphonique du conservatoire Massenet puis de l&rsquo;orchestre Massenet sous la direction &hellip; <a href=\"https:\/\/www.mjcfontanes.org\/?p=747\" class=\"more-link\">Lire la suite de <span class=\"screen-reader-text\">Une soir\u00e9e prestigieuse pour les P&rsquo;tits canards sauvages sur la sc\u00e8ne de l&rsquo;Echapp\u00e9 \u00e0 Sorbiers avec l&rsquo;orchestre symphonique du conservatoire Massenet<\/span><\/a><\/p>\n","protected":false},"author":2,"featured_media":0,"comment_status":"open","ping_status":"open","sticky":false,"template":"","format":"standard","meta":{"jetpack_post_was_ever_published":false,"_jetpack_newsletter_access":"","_jetpack_dont_email_post_to_subs":false,"_jetpack_newsletter_tier_id":0,"_jetpack_memberships_contains_paywalled_content":false,"_jetpack_memberships_contains_paid_content":false,"footnotes":""},"categories":[5],"tags":[25],"class_list":["post-747","post","type-post","status-publish","format-standard","hentry","category-activites","tag-petits-canards-sauvages","no-featured-image"],"jetpack_featured_media_url":"","jetpack_sharing_enabled":true,"jetpack_shortlink":"https:\/\/wp.me\/p95mIQ-c3","jetpack-related-posts":[],"_links":{"self":[{"href":"https:\/\/www.mjcfontanes.org\/index.php?rest_route=\/wp\/v2\/posts\/747","targetHints":{"allow":["GET"]}}],"collection":[{"href":"https:\/\/www.mjcfontanes.org\/index.php?rest_route=\/wp\/v2\/posts"}],"about":[{"href":"https:\/\/www.mjcfontanes.org\/index.php?rest_route=\/wp\/v2\/types\/post"}],"author":[{"embeddable":true,"href":"https:\/\/www.mjcfontanes.org\/index.php?rest_route=\/wp\/v2\/users\/2"}],"replies":[{"embeddable":true,"href":"https:\/\/www.mjcfontanes.org\/index.php?rest_route=%2Fwp%2Fv2%2Fcomments&post=747"}],"version-history":[{"count":5,"href":"https:\/\/www.mjcfontanes.org\/index.php?rest_route=\/wp\/v2\/posts\/747\/revisions"}],"predecessor-version":[{"id":754,"href":"https:\/\/www.mjcfontanes.org\/index.php?rest_route=\/wp\/v2\/posts\/747\/revisions\/754"}],"wp:attachment":[{"href":"https:\/\/www.mjcfontanes.org\/index.php?rest_route=%2Fwp%2Fv2%2Fmedia&parent=747"}],"wp:term":[{"taxonomy":"category","embeddable":true,"href":"https:\/\/www.mjcfontanes.org\/index.php?rest_route=%2Fwp%2Fv2%2Fcategories&post=747"},{"taxonomy":"post_tag","embeddable":true,"href":"https:\/\/www.mjcfontanes.org\/index.php?rest_route=%2Fwp%2Fv2%2Ftags&post=747"}],"curies":[{"name":"wp","href":"https:\/\/api.w.org\/{rel}","templated":true}]}}