{"id":801,"date":"2018-02-02T19:05:20","date_gmt":"2018-02-02T18:05:20","guid":{"rendered":"http:\/\/www.mjcfontanes.org\/?p=801"},"modified":"2018-02-02T19:07:04","modified_gmt":"2018-02-02T18:07:04","slug":"la-saison-culturelle-continue","status":"publish","type":"post","link":"https:\/\/www.mjcfontanes.org\/?p=801","title":{"rendered":"La saison culturelle continue !"},"content":{"rendered":"<p><img data-recalc-dims=\"1\" loading=\"lazy\" decoding=\"async\" data-attachment-id=\"489\" data-permalink=\"https:\/\/www.mjcfontanes.org\/?attachment_id=489\" data-orig-file=\"https:\/\/i0.wp.com\/www.mjcfontanes.org\/wp-content\/uploads\/2017\/08\/LogoSaisonCulturelle.png?fit=292%2C230&amp;ssl=1\" data-orig-size=\"292,230\" data-comments-opened=\"1\" data-image-meta=\"{&quot;aperture&quot;:&quot;0&quot;,&quot;credit&quot;:&quot;&quot;,&quot;camera&quot;:&quot;&quot;,&quot;caption&quot;:&quot;&quot;,&quot;created_timestamp&quot;:&quot;0&quot;,&quot;copyright&quot;:&quot;&quot;,&quot;focal_length&quot;:&quot;0&quot;,&quot;iso&quot;:&quot;0&quot;,&quot;shutter_speed&quot;:&quot;0&quot;,&quot;title&quot;:&quot;&quot;,&quot;orientation&quot;:&quot;0&quot;}\" data-image-title=\"LogoSaisonCulturelle\" data-image-description=\"\" data-image-caption=\"\" data-large-file=\"https:\/\/i0.wp.com\/www.mjcfontanes.org\/wp-content\/uploads\/2017\/08\/LogoSaisonCulturelle.png?fit=292%2C230&amp;ssl=1\" class=\"aligncenter size-full wp-image-489\" src=\"https:\/\/i0.wp.com\/www.mjcfontanes.org\/wp-content\/uploads\/2017\/08\/LogoSaisonCulturelle.png?resize=292%2C230\" alt=\"Saison Culturelle\" width=\"292\" height=\"230\" \/><a href=\"https:\/\/i0.wp.com\/www.mjcfontanes.org\/wp-content\/uploads\/2018\/02\/AdLibeatum_Photo.png\"><img data-recalc-dims=\"1\" loading=\"lazy\" decoding=\"async\" data-attachment-id=\"803\" data-permalink=\"https:\/\/www.mjcfontanes.org\/?attachment_id=803\" data-orig-file=\"https:\/\/i0.wp.com\/www.mjcfontanes.org\/wp-content\/uploads\/2018\/02\/AdLibeatum_Photo.png?fit=1764%2C1764&amp;ssl=1\" data-orig-size=\"1764,1764\" data-comments-opened=\"1\" data-image-meta=\"{&quot;aperture&quot;:&quot;0&quot;,&quot;credit&quot;:&quot;&quot;,&quot;camera&quot;:&quot;&quot;,&quot;caption&quot;:&quot;&quot;,&quot;created_timestamp&quot;:&quot;0&quot;,&quot;copyright&quot;:&quot;&quot;,&quot;focal_length&quot;:&quot;0&quot;,&quot;iso&quot;:&quot;0&quot;,&quot;shutter_speed&quot;:&quot;0&quot;,&quot;title&quot;:&quot;&quot;,&quot;orientation&quot;:&quot;0&quot;}\" data-image-title=\"AdLibeatum_Photo\" data-image-description=\"\" data-image-caption=\"\" data-large-file=\"https:\/\/i0.wp.com\/www.mjcfontanes.org\/wp-content\/uploads\/2018\/02\/AdLibeatum_Photo.png?fit=712%2C712&amp;ssl=1\" class=\"aligncenter size-medium wp-image-803\" src=\"https:\/\/i0.wp.com\/www.mjcfontanes.org\/wp-content\/uploads\/2018\/02\/AdLibeatum_Photo-300x300.png?resize=300%2C300\" alt=\"\" width=\"300\" height=\"300\" srcset=\"https:\/\/i0.wp.com\/www.mjcfontanes.org\/wp-content\/uploads\/2018\/02\/AdLibeatum_Photo.png?resize=300%2C300&amp;ssl=1 300w, https:\/\/i0.wp.com\/www.mjcfontanes.org\/wp-content\/uploads\/2018\/02\/AdLibeatum_Photo.png?resize=150%2C150&amp;ssl=1 150w, https:\/\/i0.wp.com\/www.mjcfontanes.org\/wp-content\/uploads\/2018\/02\/AdLibeatum_Photo.png?resize=768%2C768&amp;ssl=1 768w, https:\/\/i0.wp.com\/www.mjcfontanes.org\/wp-content\/uploads\/2018\/02\/AdLibeatum_Photo.png?resize=1024%2C1024&amp;ssl=1 1024w, https:\/\/i0.wp.com\/www.mjcfontanes.org\/wp-content\/uploads\/2018\/02\/AdLibeatum_Photo.png?resize=500%2C500&amp;ssl=1 500w, https:\/\/i0.wp.com\/www.mjcfontanes.org\/wp-content\/uploads\/2018\/02\/AdLibeatum_Photo.png?resize=400%2C400&amp;ssl=1 400w, https:\/\/i0.wp.com\/www.mjcfontanes.org\/wp-content\/uploads\/2018\/02\/AdLibeatum_Photo.png?resize=1080%2C1080&amp;ssl=1 1080w, https:\/\/i0.wp.com\/www.mjcfontanes.org\/wp-content\/uploads\/2018\/02\/AdLibeatum_Photo.png?resize=75%2C75&amp;ssl=1 75w, https:\/\/i0.wp.com\/www.mjcfontanes.org\/wp-content\/uploads\/2018\/02\/AdLibeatum_Photo.png?w=1764&amp;ssl=1 1764w, https:\/\/i0.wp.com\/www.mjcfontanes.org\/wp-content\/uploads\/2018\/02\/AdLibeatum_Photo.png?w=1424&amp;ssl=1 1424w\" sizes=\"auto, (max-width: 300px) 100vw, 300px\" \/><\/a><\/p>\n<p><span style=\"font-family: tahoma, arial, helvetica, sans-serif;\">La MJC propose \u00e0 ses adh\u00e9rents de profiter d&rsquo;un prochain spectacle pendant les vacances de f\u00e9vrier.<\/span><br \/>\n<span style=\"font-family: tahoma, arial, helvetica, sans-serif;\">\u00ab\u00a0AD LIBEATUM\u00a0\u00bb aura lieu\u00a0\u00e0 La Trame (salle \u00e0 St Jean Bonnefonds) jeudi 15 f\u00e9vrier \u00e0 15h00 pour les adultes, les ados et les enfants \u00e0 partir de 6 ans.\u00a0<\/span><br \/>\n<span style=\"font-family: tahoma, arial, helvetica, sans-serif;\">De la musique classique \u00e0 une musique plus moderne, venez d\u00e9couvrir un \u00ab\u00a0spectacle musical, plein d&rsquo;\u00e9nergie, d&rsquo;humour et de po\u00e9sie\u00a0\u00bb dans lequel \u00ab\u00a0trois com\u00e9diens percussionnistes virtuoses vous entra\u00eenent dans une performance jubilatoire.\u00a0\u00bb\u00a0Seulement 12 places sont disponibles!\u00a0<\/span><\/p>\n<p><span style=\"font-family: tahoma, arial, helvetica, sans-serif;\">A vos agendas! Deux autres spectacles vous seront propos\u00e9s\u00a0\u00e0 la salle de L&rsquo;Echapp\u00e9 (Sorbiers)\u00a0<\/span><br \/>\n<span style=\"font-family: tahoma, arial, helvetica, sans-serif;\">&#8211; vendredi 9 mars \u00e0 20h00 \u00a0du th\u00e9\u00e2tre\/humour avec \u00ab\u00a0Et pendant ce temps Simone veille\u00a0\u00bb pour tout public \u00e0 partir de 11 ans<\/span><br \/>\n<span style=\"font-family: tahoma, arial, helvetica, sans-serif;\">&#8211; vendredi 27 avril \u00e0 20h00 \u00a0du cirque (jonglage et acrobaties) avec 2 spectacles \u00ab\u00a0Versatile\u00a0\u00bb et \u00ab\u00a0Bankal\u00a0\u00bb pour tout public \u00e0 partir de 6 ans. \u00a0<\/span><\/p>\n<p><span style=\"font-family: tahoma, arial, helvetica, sans-serif;\">Plus d&rsquo;infos sur la programmation :\u00a0<a href=\"http:\/\/www.mairie-sorbiers.fr\/La-saison-culturelle.html\">http:\/\/www.mairie-sorbiers.fr\/La-saison-culturelle.html<\/a><\/span><br \/>\n<span style=\"font-family: tahoma, arial, helvetica, sans-serif;\">Tarif unique de 4\u20ac\/personne\/spectacle<\/span><br \/>\n<span style=\"font-family: tahoma, arial, helvetica, sans-serif;\">R\u00e9servation \u00a0: <a href=\"mailto:contact@mjcfontanes.org\">contact@mjcfontanes.org<\/a><\/span><\/p>\n<p><a href=\"https:\/\/i0.wp.com\/www.mjcfontanes.org\/wp-content\/uploads\/2018\/02\/AdLibeatum.png\"><img data-recalc-dims=\"1\" loading=\"lazy\" decoding=\"async\" data-attachment-id=\"804\" data-permalink=\"https:\/\/www.mjcfontanes.org\/?attachment_id=804\" data-orig-file=\"https:\/\/i0.wp.com\/www.mjcfontanes.org\/wp-content\/uploads\/2018\/02\/AdLibeatum.png?fit=1852%2C1716&amp;ssl=1\" data-orig-size=\"1852,1716\" data-comments-opened=\"1\" data-image-meta=\"{&quot;aperture&quot;:&quot;0&quot;,&quot;credit&quot;:&quot;&quot;,&quot;camera&quot;:&quot;&quot;,&quot;caption&quot;:&quot;&quot;,&quot;created_timestamp&quot;:&quot;0&quot;,&quot;copyright&quot;:&quot;&quot;,&quot;focal_length&quot;:&quot;0&quot;,&quot;iso&quot;:&quot;0&quot;,&quot;shutter_speed&quot;:&quot;0&quot;,&quot;title&quot;:&quot;&quot;,&quot;orientation&quot;:&quot;0&quot;}\" data-image-title=\"AdLibeatum\" data-image-description=\"\" data-image-caption=\"\" data-large-file=\"https:\/\/i0.wp.com\/www.mjcfontanes.org\/wp-content\/uploads\/2018\/02\/AdLibeatum.png?fit=712%2C660&amp;ssl=1\" class=\"aligncenter size-medium wp-image-804\" src=\"https:\/\/i0.wp.com\/www.mjcfontanes.org\/wp-content\/uploads\/2018\/02\/AdLibeatum-300x278.png?resize=300%2C278\" alt=\"\" width=\"300\" height=\"278\" srcset=\"https:\/\/i0.wp.com\/www.mjcfontanes.org\/wp-content\/uploads\/2018\/02\/AdLibeatum.png?resize=300%2C278&amp;ssl=1 300w, https:\/\/i0.wp.com\/www.mjcfontanes.org\/wp-content\/uploads\/2018\/02\/AdLibeatum.png?resize=768%2C712&amp;ssl=1 768w, https:\/\/i0.wp.com\/www.mjcfontanes.org\/wp-content\/uploads\/2018\/02\/AdLibeatum.png?resize=1024%2C949&amp;ssl=1 1024w, https:\/\/i0.wp.com\/www.mjcfontanes.org\/wp-content\/uploads\/2018\/02\/AdLibeatum.png?resize=1080%2C1001&amp;ssl=1 1080w, https:\/\/i0.wp.com\/www.mjcfontanes.org\/wp-content\/uploads\/2018\/02\/AdLibeatum.png?w=1852&amp;ssl=1 1852w, https:\/\/i0.wp.com\/www.mjcfontanes.org\/wp-content\/uploads\/2018\/02\/AdLibeatum.png?w=1424&amp;ssl=1 1424w\" sizes=\"auto, (max-width: 300px) 100vw, 300px\" \/><\/a><\/p>\n","protected":false},"excerpt":{"rendered":"<p>La MJC propose \u00e0 ses adh\u00e9rents de profiter d&rsquo;un prochain spectacle pendant les vacances de f\u00e9vrier. \u00ab\u00a0AD LIBEATUM\u00a0\u00bb aura lieu\u00a0\u00e0 La Trame (salle \u00e0 St Jean Bonnefonds) jeudi 15 f\u00e9vrier &hellip; <a href=\"https:\/\/www.mjcfontanes.org\/?p=801\" class=\"more-link\">Lire la suite de <span class=\"screen-reader-text\">La saison culturelle continue !<\/span><\/a><\/p>\n","protected":false},"author":2,"featured_media":803,"comment_status":"open","ping_status":"open","sticky":false,"template":"","format":"standard","meta":{"jetpack_post_was_ever_published":false,"_jetpack_newsletter_access":"","_jetpack_dont_email_post_to_subs":false,"_jetpack_newsletter_tier_id":0,"_jetpack_memberships_contains_paywalled_content":false,"_jetpack_memberships_contains_paid_content":false,"footnotes":""},"categories":[28],"tags":[],"class_list":["post-801","post","type-post","status-publish","format-standard","has-post-thumbnail","hentry","category-saison-culturelle"],"jetpack_featured_media_url":"https:\/\/i0.wp.com\/www.mjcfontanes.org\/wp-content\/uploads\/2018\/02\/AdLibeatum_Photo.png?fit=1764%2C1764&ssl=1","jetpack_sharing_enabled":true,"jetpack_shortlink":"https:\/\/wp.me\/p95mIQ-cV","jetpack-related-posts":[],"_links":{"self":[{"href":"https:\/\/www.mjcfontanes.org\/index.php?rest_route=\/wp\/v2\/posts\/801","targetHints":{"allow":["GET"]}}],"collection":[{"href":"https:\/\/www.mjcfontanes.org\/index.php?rest_route=\/wp\/v2\/posts"}],"about":[{"href":"https:\/\/www.mjcfontanes.org\/index.php?rest_route=\/wp\/v2\/types\/post"}],"author":[{"embeddable":true,"href":"https:\/\/www.mjcfontanes.org\/index.php?rest_route=\/wp\/v2\/users\/2"}],"replies":[{"embeddable":true,"href":"https:\/\/www.mjcfontanes.org\/index.php?rest_route=%2Fwp%2Fv2%2Fcomments&post=801"}],"version-history":[{"count":2,"href":"https:\/\/www.mjcfontanes.org\/index.php?rest_route=\/wp\/v2\/posts\/801\/revisions"}],"predecessor-version":[{"id":805,"href":"https:\/\/www.mjcfontanes.org\/index.php?rest_route=\/wp\/v2\/posts\/801\/revisions\/805"}],"wp:featuredmedia":[{"embeddable":true,"href":"https:\/\/www.mjcfontanes.org\/index.php?rest_route=\/wp\/v2\/media\/803"}],"wp:attachment":[{"href":"https:\/\/www.mjcfontanes.org\/index.php?rest_route=%2Fwp%2Fv2%2Fmedia&parent=801"}],"wp:term":[{"taxonomy":"category","embeddable":true,"href":"https:\/\/www.mjcfontanes.org\/index.php?rest_route=%2Fwp%2Fv2%2Fcategories&post=801"},{"taxonomy":"post_tag","embeddable":true,"href":"https:\/\/www.mjcfontanes.org\/index.php?rest_route=%2Fwp%2Fv2%2Ftags&post=801"}],"curies":[{"name":"wp","href":"https:\/\/api.w.org\/{rel}","templated":true}]}}